{"id":1534,"date":"2023-07-10T15:55:53","date_gmt":"2023-07-10T15:55:53","guid":{"rendered":"http:\/\/asivamosenvacunas.asivamosensalud.org\/?p=1534"},"modified":"2023-07-10T15:55:54","modified_gmt":"2023-07-10T15:55:54","slug":"prohibicion-de-las-terapias-de-conversion-en-colombia","status":"publish","type":"post","link":"http:\/\/asivamosenvacunas.asivamosensalud.org\/index.php\/2023\/07\/10\/prohibicion-de-las-terapias-de-conversion-en-colombia\/","title":{"rendered":"Prohibici\u00f3n de las terapias de conversi\u00f3n en Colombia"},"content":{"rendered":"\n<p>\u2764\ufe0f\ud83e\udde1\ud83d\udc9b\ud83d\udc9a\u00a1Celebremos juntos el mes de la diversidad! \ud83e\ude75\ud83d\udc99\ud83d\udc9c\ud83e\udd0d<\/p>\n\n\n\n<p>\ud83c\udff3\ufe0f\u200d\ud83c\udf08\u00bfSab\u00edas que actualmente hay un Proyecto de Ley que pretende prohibir las mal llamadas terapias de conversi\u00f3n que se aplican a las personas de la comunidad LGTBQ+?\ud83c\udff3\ufe0f\u200d\u26a7\ufe0f<\/p>\n\n\n\n<figure class=\"wp-block-image size-large\"><img loading=\"lazy\" decoding=\"async\" width=\"940\" height=\"788\" src=\"http:\/\/asivamosenvacunas.asivamosensalud.org\/wp-content\/uploads\/2023\/07\/WhatsApp-Image-2023-07-10-at-10.27.43-AM.jpeg\" alt=\"\" class=\"wp-image-1535\" srcset=\"http:\/\/asivamosenvacunas.asivamosensalud.org\/wp-content\/uploads\/2023\/07\/WhatsApp-Image-2023-07-10-at-10.27.43-AM.jpeg 940w, http:\/\/asivamosenvacunas.asivamosensalud.org\/wp-content\/uploads\/2023\/07\/WhatsApp-Image-2023-07-10-at-10.27.43-AM-300x251.jpeg 300w, http:\/\/asivamosenvacunas.asivamosensalud.org\/wp-content\/uploads\/2023\/07\/WhatsApp-Image-2023-07-10-at-10.27.43-AM-768x644.jpeg 768w, http:\/\/asivamosenvacunas.asivamosensalud.org\/wp-content\/uploads\/2023\/07\/WhatsApp-Image-2023-07-10-at-10.27.43-AM-174x146.jpeg 174w, http:\/\/asivamosenvacunas.asivamosensalud.org\/wp-content\/uploads\/2023\/07\/WhatsApp-Image-2023-07-10-at-10.27.43-AM-50x42.jpeg 50w, http:\/\/asivamosenvacunas.asivamosensalud.org\/wp-content\/uploads\/2023\/07\/WhatsApp-Image-2023-07-10-at-10.27.43-AM-89x75.jpeg 89w\" sizes=\"auto, (max-width: 940px) 100vw, 940px\" \/><\/figure>\n\n\n\n<h5 class=\"wp-block-heading\"><\/h5>\n\n\n\n<p><br><\/p>\n\n\n\n<p>Actualmente hay un proyecto de ley que pretende prohibir las mal llamadas &#8220;terapias de conversi\u00f3n&#8221; que se aplican a las personas LGBTIQ+. La ONU las ha clasificado como tortura.<\/p>\n\n\n\n<p>Al menos 58 congresistas de diferentes bancadas est\u00e1n apoy\u00e1ndolo.<\/p>\n\n\n\n<p><strong>\u00bfDe qu\u00e9 se tratan estas &#8220;terapias de conversi\u00f3n&#8221;?<\/strong><\/p>\n\n\n\n<p>Son unas pr\u00e1cticas violentas que buscan &#8220;corregir&#8221; la orientaci\u00f3n sexual y la identidad de g\u00e9nero de las personas #LGBTIQ+ con:<\/p>\n\n\n\n<ul class=\"wp-block-list\"><li>Golpes<\/li><li>Abusos<\/li><li>Secuestros<\/li><li>Aislamiento<\/li><\/ul>\n\n\n\n<p><strong>\u00bfQu\u00e9 busca este proyecto?<\/strong><\/p>\n\n\n\n<ul class=\"wp-block-list\"><li>Prohibir a las entidades de salud y otras instituciones las pr\u00e1cticas relacionadas con el cambio de orientaci\u00f3n sexual e identidad de g\u00e9nero.<\/li><li>Excluir las discusiones sobre orientaciones e identidades de las personas LGBTIQ+ en espacios sobre salud mental.<\/li><li>Imponer medidas penales a quienes restrinjan o limiten orientaciones sexuales o identidades de g\u00e9nero.<\/li><li>Prohibir el uso de recursos p\u00fablicos para pr\u00e1cticas que causen da\u00f1o a la poblaci\u00f3n LGBTIQ+.<\/li><li>Formar a los profesionales de la salud sobre los riesgos de estas pr\u00e1cticas.<\/li><li>Elaborar un protocolo de investigaci\u00f3n con la Fiscal\u00eda General de la Naci\u00f3n y Min Justicia, para adoptar una pol\u00edtica criminal sobre diversidad sexual y g\u00e9nero.<\/li><\/ul>\n\n\n\n<p>Colombia se convertir\u00e1 en el noveno pa\u00eds en prohibir estas pr\u00e1cticas. Grecia, Chile, Francia, Alemania, Malta, Ecuador, Brasil y Canad\u00e1 ya legislaron al respecto.<\/p>\n\n\n\n<p>Fuente: Profamilia<\/p>\n","protected":false},"excerpt":{"rendered":"<p>\u2764\ufe0f\ud83e\udde1\ud83d\udc9b\ud83d\udc9a\u00a1Celebremos juntos el mes de la diversidad! \ud83e\ude75\ud83d\udc99\ud83d\udc9c\ud83e\udd0d \ud83c\udff3\ufe0f\u200d\ud83c\udf08\u00bfSab\u00edas que actualmente hay un Proyecto de Ley que pretende prohibir las mal llamadas terapias de conversi\u00f3n que<span class=\"excerpt-hellip\"> [\u2026]<\/span><\/p>\n","protected":false},"author":2,"featured_media":0,"comment_status":"open","ping_status":"open","sticky":false,"template":"","format":"standard","meta":{"_acf_changed":false,"footnotes":""},"categories":[7,1],"tags":[],"class_list":["post-1534","post","type-post","status-publish","format-standard","hentry","category-abc-de-la-salud","category-sin-categoria"],"acf":[],"_links":{"self":[{"href":"http:\/\/asivamosenvacunas.asivamosensalud.org\/index.php\/wp-json\/wp\/v2\/posts\/1534","targetHints":{"allow":["GET"]}}],"collection":[{"href":"http:\/\/asivamosenvacunas.asivamosensalud.org\/index.php\/wp-json\/wp\/v2\/posts"}],"about":[{"href":"http:\/\/asivamosenvacunas.asivamosensalud.org\/index.php\/wp-json\/wp\/v2\/types\/post"}],"author":[{"embeddable":true,"href":"http:\/\/asivamosenvacunas.asivamosensalud.org\/index.php\/wp-json\/wp\/v2\/users\/2"}],"replies":[{"embeddable":true,"href":"http:\/\/asivamosenvacunas.asivamosensalud.org\/index.php\/wp-json\/wp\/v2\/comments?post=1534"}],"version-history":[{"count":1,"href":"http:\/\/asivamosenvacunas.asivamosensalud.org\/index.php\/wp-json\/wp\/v2\/posts\/1534\/revisions"}],"predecessor-version":[{"id":1536,"href":"http:\/\/asivamosenvacunas.asivamosensalud.org\/index.php\/wp-json\/wp\/v2\/posts\/1534\/revisions\/1536"}],"wp:attachment":[{"href":"http:\/\/asivamosenvacunas.asivamosensalud.org\/index.php\/wp-json\/wp\/v2\/media?parent=1534"}],"wp:term":[{"taxonomy":"category","embeddable":true,"href":"http:\/\/asivamosenvacunas.asivamosensalud.org\/index.php\/wp-json\/wp\/v2\/categories?post=1534"},{"taxonomy":"post_tag","embeddable":true,"href":"http:\/\/asivamosenvacunas.asivamosensalud.org\/index.php\/wp-json\/wp\/v2\/tags?post=1534"}],"curies":[{"name":"wp","href":"https:\/\/api.w.org\/{rel}","templated":true}]}}